{"id":713,"date":"2012-05-23T18:16:00","date_gmt":"2012-05-23T18:16:00","guid":{"rendered":"http:\/\/www.ffzg.unizg.hr\/anglist\/?p=713"},"modified":"2012-05-23T18:16:00","modified_gmt":"2012-05-23T18:16:00","slug":"festival-europske-kratke-price-27-svibnja-1-lipnja","status":"publish","type":"post","link":"https:\/\/anglist.ffzg.unizg.hr\/?p=713","title":{"rendered":"Festival europske kratke pri\u010de (27. svibnja &#8211; 1. lipnja)"},"content":{"rendered":"<p><!--more--><\/p>\n<p><!--  [if gte mso 9]><xml> <w:worddocument> <w:view>Normal<\/w:view> <w:zoom>0<\/w:zoom> <w:hyphenationzone>21<\/w:hyphenationzone> <w:punctuationkerning \/> <w:validateagainstschemas \/> <w:saveifxmlinvalid>false<\/w:saveifxmlinvalid> <w:ignoremixedcontent>false<\/w:ignoremixedcontent> <w:alwaysshowplaceholdertext>false<\/w:alwaysshowplaceholdertext> <w:compatibility> <w:breakwrappedtables \/> <w:snaptogridincell \/> <w:wraptextwithpunct \/> <w:useasianbreakrules \/> <w:dontgrowautofit \/> <\/w:compatibility> <w:browserlevel>MicrosoftInternetExplorer4<\/w:browserlevel> <\/w:worddocument> <\/xml>< ![endif]--><!--  [if gte mso 9]><xml> <w:latentstyles DefLockedState=\"false\" LatentStyleCount=\"156\"> <\/w:latentstyles> <\/xml>< ![endif]--><!--  [if gte mso 10]><br \/>\n\n<style> \/* Style Definitions *\/<br \/> table.MsoNormalTable<br \/>\t{mso-style-name:\"Table Normal\";<br \/>\tmso-tstyle-rowband-size:0;<br \/>\tmso-tstyle-colband-size:0;<br \/>\tmso-style-noshow:yes;<br \/>\tmso-style-parent:\"\";<br \/>\tmso-padding-alt:0cm 5.4pt 0cm 5.4pt;<br \/>\tmso-para-margin:0cm;<br \/>\tmso-para-margin-bottom:.0001pt;<br \/>\tmso-pagination:widow-orphan;<br \/>\tfont-size:10.0pt;<br \/>\tfont-family:\"Times New Roman\";<br \/>\tmso-ansi-language:0400;<br \/>\tmso-fareast-language:0400;<br \/>\tmso-bidi-language:0400;}<br \/><\/style>\n\n<br \/>< ![endif]--><\/p>\n<p><\/p>\n<p class=\"MsoNormal\"><span style=\"font-size: 14pt; font-family: Tahoma;\"> Pozivaju se svi zainteresirani na nastupe autora iz Ujedinjenog Kraljevstva (Dilys Rose, James Hopkin, Michelle Green, <span class=\"titleheadingname\">Nuala N&iacute; Chonch&uacute;ir<\/span> ) na Festivalu europske kratke pri\u010de koji se odr\u017eava od 27. svibnja do 1. lipnja.  Vi&scaron;e informacija na web stranici Festivala: <a href=\"http:\/\/europeanshortstory.org\/\">http:\/\/europeanshortstory.org\/<\/a> <\/span><\/p>\n<p><\/p>\n<p class=\"MsoNormal\">\n<p><\/p>\n<p class=\"MsoNormal\">&#8212;&#8212;&#8212;&#8212;&#8212;&#8212;&#8212;&#8212;&#8212;&#8212;&#8212;&#8212;&#8212;&#8212;&#8212;&#8212;&#8212;&#8212;&#8212;&#8212;&#8212;&#8212;&#8212;&#8212;&#8212;&#8212;&#8211;<\/p>\n<p><\/p>\n<p class=\"MsoNormal\">PROGRAM:<\/p>\n<p><\/p>\n<p class=\"MsoNormal\">\n<p><\/p>\n<div class=\"jspPane\" style=\"padding: 0px; width: 580px; top: -2263px;\"><\/p>\n<h1><a href=\"http:\/\/europeanshortstory.org\/programi\/zagreb\/\">Zagreb<\/a><\/h1>\n<p><\/p>\n<pre><span style=\"color: 0abdd4;\">---<\/span><br \/><\/pre>\n<p><\/p>\n<h4 style=\"color: 0abdd4;\">Nedjelja, 27. svibnja<\/h4>\n<p><\/p>\n<p><span style=\"color: 0abdd4;\">15:00<\/span> <br \/> <span style=\"color: 0abdd4;\">Neformalno otovrenje FEKP 2012<\/span><\/p>\n<p><\/p>\n<p>Dan  se poznaje po jutru, dobra pri\u010da po prvoj re\u010denici, a sjajan festival  ve\u0107 na prvu loptu! Proku&scaron;ani i svima omiljeni recept &ndash; davanja kuha\u010de  doma\u0107im umjetnicima u ruke &ndash; ove godine za\u010dinit \u0107emo pripetavanjem na  nogometnom terenu. Nogomet je, ka\u017eu pravi poznavatelji, vi&scaron;e od igre, a i  na&scaron; je FEKP vi&scaron;e od festivala &ndash; navijajte za najbolje!<\/p>\n<p><\/p>\n<p>&ldquo;\u010cuvajte se: hrvatski umjetnici kuhaju!&rdquo;<br \/> B. Greiner, Z. Feric, S. Karuza, R. Mlinarec<\/p>\n<p><\/p>\n<p>+ USUSRET EP U NOGOMETU: REVIJALNA NOGOMETNA UTAKMICA PISCI vs. LIKOVNJACI<br \/> + THE BRAVEST ONLY &ndash; FOOTBALL MATCH: WRITERS vs. CROATIAN ARTISTS UNITED<br \/> Ateljei \u017ditnjak (stara &scaron;kola Petru&scaron;evec), \u017ditnjak 53<\/p>\n<p><\/p>\n<h4 style=\"color: 0abdd4;\">20:00<\/h4>\n<p><\/p>\n<p>KRATAK UVOD U SUVREMENU NIZOZEMSKU KRATKU PRI\u010cU<br \/> Bas Pauw, Manon Uphoff, Sanneke van Hassel, Dimitri Verhulst<br \/> Moderiraju: T. Brlek, D. Van der Meer<br \/> Booksa, Marti\u0107eva 14 D<\/p>\n<p><\/p>\n<h4 style=\"color: 0abdd4;\">Ponedjeljak, 28. svibnja<\/h4>\n<p><\/p>\n<h4 style=\"color: 0abdd4;\">12:00<\/h4>\n<p><\/p>\n<p>LAF EVENT<br \/> Radni sastanak<br \/> Modeli i programi promocije nacionalne knji\u017eevnosti \/ Models and programs of promoting national literatures<br \/> Osim samom knji\u017eevno&scaron;\u0107u, ovogodi&scaron;nji se festival bavi i nekim pitanjima  promocije nacionalne knji\u017eevnosti. Na radnom \u0107e sastanku uz doma\u0107e goste  sudjelovati i stru\u010dnjaci iz nekoliko stranih institucija za promociju  knjige (LAF, DFL, Traduki, JAK) te predstaviti razli\u010dite modele i na\u010dine  promocije nacionalnih knji\u017eevnosti u zemlji i inozemstvu.<br \/> Bas Pauw (Nizozemska zaklada za knji\u017eevnost), Dubravka \u0110uri\u0107 Nemec  (Ministarstvo kulture RH); Alexandra B&uuml;chler (Literature Across  Frontiers), Katja Stergar (Javna agencija za knjigu Republike Slovenije,  Traduki), Janis Oga (Letonski knji\u017eevni centar) i predstavnici doma\u0107ih  knji\u017eevnih institucija i strukovnih udruga.<\/p>\n<p><\/p>\n<p>Moderiraju: A. B&uuml;chler, M. Buljevi\u0107<br \/> Booksa, Marti\u0107eva 14 D<\/p>\n<p><\/p>\n<h4 style=\"color: 0abdd4;\">16:30<\/h4>\n<p><\/p>\n<p>Predstavljanje<br \/> Jacinto Lucas Pires<br \/> Moderira: G. Mati\u0107<br \/> Filozofski fakultet, Ivana Lu\u010di\u0107a 3, Multimedijalna dvorana knji\u017enice<\/p>\n<p><\/p>\n<h4 style=\"color: 0abdd4;\">17:00-18:30<\/h4>\n<p><\/p>\n<p>PREVODITELJSKA RADIONICA IZ NIZOZEMSKE KNJI\u017dEVNOSTI: DODJELA NAGRADE ZA NAJBOLJI PRIJEVOD<br \/> Bas Pauw, Manon Uphoff, Sanneke van Hassel, Dimitri Verhulst<br \/> Moderira: G. A. Ulrich Kne\u017eevi\u0107<br \/> Filozofski fakultet, Ivana Lu\u010di\u0107a 3, dvorana A-123<\/p>\n<p><\/p>\n<h4 style=\"color: 0abdd4;\">18:00<\/h4>\n<p><\/p>\n<p>ME\u0110UNARODNI DAN KRATKE PRI\u010cE<br \/> Pri\u010da i putovanje<br \/> \u010citanje i razgovor<br \/> James Hopkin, Dilys Rose, Dejan Tiago Stankovi\u0107<\/p>\n<p><\/p>\n<p>Putujemo \u010ditaju\u0107i,  \u010ditamo putuju\u0107i: trebamo li re\u0107i pri\u010da i putovanje ili pri\u010da =  putovanje? Pisati o putovanju &ndash; ne zna\u010di li to oblikovati pri\u010du od  fragmenata dojmova? Nije li stvaranje zapleta poziv na put u fikciju? U  sklopu Me\u0111unarodnog dana kratke pri\u010de o putovanju tekstom govorit \u0107e  &scaron;kotska autorica Dilys Rose, pisac i putopisac James Hopkin te Dejan  Tiago Stankovi\u0107, koji pi&scaron;u\u0107i putuje izme\u0111u dva jezika, srpskog i  portugalskog.<\/p>\n<p><\/p>\n<p>Moderiraju: M. Simi\u0107, J. Hinks<br \/> Booksa, Marti\u0107eva 14 D<\/p>\n<p><\/p>\n<h4 style=\"color: 0abdd4;\">19:00<\/h4>\n<p><\/p>\n<p>Hrvatsko-srpska (knji\u017eevna) posla<br \/> \u010citanje i razgovor<br \/> David Albahari, Jelena Lengold, Ivana Simi\u0107 Bodro\u017ei\u0107, Sr\u0111an Srdi\u0107, Katja Stergar<br \/> Dvije knji\u017eevnosti, dva jezika i \u010ditanje bez prijevoda, povlastica je za  \u010ditala\u010dku publiku u regiji; pitanje je samo kako se \u010ditamo i pratimo,  koliko su hrvatska i srpska knji\u017eevnost vidljive jedna u drugoj? Pod  redateljskom palicom knji\u017eevnog znalca Krune Lokotara, hrvatsko-srpskim  premre\u017eavanjima bavit \u0107e se nagra\u0111ivana hrvatska autorica Ivana Simi\u0107  Bodro\u017ei\u0107, kultni pisac David Albahari, dobitnik regionalne nagrade za  zbirku pri\u010da Sr\u0111an Srdi\u0107, dobitnica Europske nagrade za knji\u017eevnost,  srpska knji\u017eevnica Jelena Lengold, i Katja Stergar, \u010dlanica programskog  odbora Tradukija.<\/p>\n<p><\/p>\n<p>Moderira: K. Lokotar<br \/> Booksa, Marti\u0107eva 14 D<\/p>\n<p><\/p>\n<h4 style=\"color: 0abdd4;\">20:30<\/h4>\n<p><\/p>\n<p>\u010citanje<br \/> Gy&ouml;rgy Dragom&aacute;n (Ma\u0111arska); Clemens Meyer (Njema\u010dka); Xabier Montoia  (&Scaron;panjolska); Cees Nooteboom (Nizozemska); Ivica Prtenja\u010da (Hrvatska);  Ivana Simi\u0107 Bodro\u017ei\u0107 (Hrvatska); Sanneke van Hassel (Nizozemska)<\/p>\n<p><\/p>\n<p>Studentski centar, Polukru\u017ena dvorana &amp;TD, Savska 25<\/p>\n<p><\/p>\n<h4 style=\"color: 0abdd4;\">Utorak, 29. svibnja<\/h4>\n<p><\/p>\n<h4 style=\"color: 0abdd4;\">16:30<\/h4>\n<p><\/p>\n<p>LAF EVENT<br \/> Predstavljanje<br \/> Xabier Montoia<br \/> Moderira: G. Mati\u0107<br \/> Filozofski fakultet, Ivana Lu\u010di\u0107a 3, Aula Cervantes, A-117<\/p>\n<p><\/p>\n<h4 style=\"color: 0abdd4;\">17:00<\/h4>\n<p><\/p>\n<p>Predstavljanje<br \/> Neven U&scaron;umovi\u0107: Rajske ptice<br \/> N. U&scaron;umovi\u0107, R. Simi\u0107 Bodro\u017ei\u0107, J. Poga\u010dnik, K. Brajdi\u0107<br \/> Profil Megastore, Bogovi\u0107eva 7<\/p>\n<p><\/p>\n<h4 style=\"color: 0abdd4;\">18:00<\/h4>\n<p><\/p>\n<p>LAF EVENT<br \/> TRAMvajske pri\u010de: put u sredi&scaron;te grada<\/p>\n<p><\/p>\n<p>Kako smo se ve\u0107 navikli na  termin kreativno pisanje, mo\u017eemo prigrliti i kreativno putovanje i putnu  pri\u010du, koja nastaje snogu i \u010dita se u pokretu. LAF i Comma Press  pokrenuli su projekt TRAMlines i poslali pisce u svijet sa zadatkom da  \u010ditaju gradove (premre\u017eene tramvajskim prugama) i nadopi&scaron;u ih fikcijom. U  sklopu projekta pojavit \u0107e se i aplikacija za iPhone &ndash; alternativni  literarni vodi\u010d za putnike dobronamjernike i \u010ditatelje sladokusce.<\/p>\n<p><\/p>\n<p>\u010citanje i razgovor<br \/> Alexandra B&uuml;chler, Michelle Green, Roman Simi\u0107 Bodro\u017ei\u0107<br \/> Moderiraju: M. Simi\u0107, J. Hinks<br \/> Booksa, Marti\u0107eva 14 D<\/p>\n<p><\/p>\n<h4 style=\"color: 0abdd4;\">19:00<\/h4>\n<p><\/p>\n<p>Gostuju\u0107i festival: MARE MARE<br \/> Palagru\u017ea &ndash; to\u010dka o kojoj se sanja(lo)<br \/> \u010citanje i razgovor<\/p>\n<p><\/p>\n<p>Ako je odsutnost ono &scaron;to odre\u0111uje posao pisanja, spa&scaron;ava njegovu suvislost i rad, istodobno<br \/> je \u010de\u017enja (i \u017eudnja) da se dospije do pu\u010dinskih mjesta ono &scaron;to je \u010dinilo i \u010dini jedan od sadr\u017eaja<br \/> festivala knji\u017eevnosti MareMare. Kad govorimo o opsesiji i piscima, mislimo o tekstu<br \/> Palagru\u017ee. Kako se kre\u0107e&scaron; po tlu koje izmi\u010de, koje te ljulja? &Scaron;to je tvoj tekst nakon Palagru\u017ee?<br \/> Je li tvoj odgovor: Pisati se mora!<\/p>\n<p><\/p>\n<p>Senko Karuza, Zoran Feri\u0107, Alem Korkut<br \/> Moderira: M. Mi\u0107anovi\u0107<br \/> Booksa, Marti\u0107eva 14 D<\/p>\n<p><\/p>\n<h4 style=\"color: 0abdd4;\">19:00<\/h4>\n<p><\/p>\n<p>\u010citanje i razgovor:<br \/> Cees Nooteboom<\/p>\n<p><\/p>\n<p>Filozof, bonvivan, vragolan, sanjar i metafizi\u010dar,  kozmopolit i nomad, kuhar i melankolik, ima u njemu ne&scaron;to paskalovsko i  ne&scaron;to kerempuhovsko &ndash; tako je ovu nizozemsku i svjetsku knji\u017eevnu  zvijezdu opisao kolega po peru Joachim Sartorius. Hrvatska publika voli  ga i hvali; proslavio se prozom i putopisima, ali za sebe \u0107e ipak re\u0107i  da je ponajprije pjesnik. Na FEKP-u predstavit \u0107e ga njegov hrvatski  urednik Seid Serdarevi\u0107.<\/p>\n<p><\/p>\n<p>Moderira: S. Serdarevi\u0107<br \/> Kazali&scaron;te ZKM, Teslina 7<\/p>\n<p><\/p>\n<h4 style=\"color: 0abdd4;\">20:30<\/h4>\n<p><\/p>\n<p>\u010citanje i dodjela nagrade &ldquo;Jacobs Monarch&rdquo; za kratku pri\u010du<br \/> David Albahari (Srbija); Stanislav Habjan (Hrvatska); Nuala N&iacute; Chonch&uacute;ir  (Irska); Jacinto Lucas Pires (Portugal); Neven U&scaron;umovi\u0107 (Hrvatska);  Dimitri Verhulst (Belgija)<br \/> Studentski centar, Polukru\u017ena dvorana &amp;TD, Savska 25<\/p>\n<p><\/p>\n<h4 style=\"color: 0abdd4;\">Petak, 1. lipnja<\/h4>\n<p><\/p>\n<h4 style=\"color: 0abdd4;\">19:00<\/h4>\n<p><\/p>\n<p>Ladies&rsquo; Night<br \/> \u010citanje i razgovor:<br \/> Maja Hrgovi\u0107, Jelena Lengold, Dilys Rose, Manon Uphoff<br \/> Prerasli smo podjelu na mu&scaron;ku i \u017eensku knji\u017eevnost i druga  ograni\u010davaju\u0107a ladi\u010darenja, ali posljednje ve\u010deri festivalsku pozornicu  ve\u0107 tradicionalno prepu&scaron;tamo knji\u017eevnicama. O knji\u017eevnim prilikama i  neprilikama, kratkim pri\u010dama i dugom procesu pisanja te festivalskim  zbivanjima ispred i iza pozornice govorit \u0107e \u010detiri autorice s \u010detiri  strane Europe, a razgovor \u0107e izazivati i nadgledati Mima, Mima Simi\u0107.<\/p>\n<p><\/p>\n<p>Moderira: M. Simi\u0107<br \/> VIP club, Trg bana Josipa Jela\u010di\u0107a 9<\/p>\n<p><\/p>\n<h4 style=\"color: 0abdd4;\">21:00<\/h4>\n<p><\/p>\n<p>Party: Zatvaranje FEKP 2012<br \/> VIP club, Trg bana Josipa Jela\u010di\u0107a 9<\/p>\n<p><\/p>\n<p>+ Koncert: Mario Kova\u010d &amp; D&rsquo;Elvis<\/p>\n<p><\/div>\n","protected":false},"excerpt":{"rendered":"","protected":false},"author":6,"featured_media":0,"comment_status":"closed","ping_status":"open","sticky":false,"template":"","format":"standard","meta":{"ngg_post_thumbnail":0,"footnotes":""},"categories":[79],"tags":[],"class_list":["post-713","post","type-post","status-publish","format-standard","hentry","category-stare-obavijesti-hr"],"_links":{"self":[{"href":"https:\/\/anglist.ffzg.unizg.hr\/index.php?rest_route=\/wp\/v2\/posts\/713","targetHints":{"allow":["GET"]}}],"collection":[{"href":"https:\/\/anglist.ffzg.unizg.hr\/index.php?rest_route=\/wp\/v2\/posts"}],"about":[{"href":"https:\/\/anglist.ffzg.unizg.hr\/index.php?rest_route=\/wp\/v2\/types\/post"}],"author":[{"embeddable":true,"href":"https:\/\/anglist.ffzg.unizg.hr\/index.php?rest_route=\/wp\/v2\/users\/6"}],"replies":[{"embeddable":true,"href":"https:\/\/anglist.ffzg.unizg.hr\/index.php?rest_route=%2Fwp%2Fv2%2Fcomments&post=713"}],"version-history":[{"count":0,"href":"https:\/\/anglist.ffzg.unizg.hr\/index.php?rest_route=\/wp\/v2\/posts\/713\/revisions"}],"wp:attachment":[{"href":"https:\/\/anglist.ffzg.unizg.hr\/index.php?rest_route=%2Fwp%2Fv2%2Fmedia&parent=713"}],"wp:term":[{"taxonomy":"category","embeddable":true,"href":"https:\/\/anglist.ffzg.unizg.hr\/index.php?rest_route=%2Fwp%2Fv2%2Fcategories&post=713"},{"taxonomy":"post_tag","embeddable":true,"href":"https:\/\/anglist.ffzg.unizg.hr\/index.php?rest_route=%2Fwp%2Fv2%2Ftags&post=713"}],"curies":[{"name":"wp","href":"https:\/\/api.w.org\/{rel}","templated":true}]}}