{"id":42064,"date":"2022-06-29T11:56:27","date_gmt":"2022-06-29T10:56:27","guid":{"rendered":"https:\/\/anglist.ffzg.unizg.hr\/?p=42064"},"modified":"2022-06-29T11:56:27","modified_gmt":"2022-06-29T10:56:27","slug":"obrane-diplomskih-radova-na-prevoditeljstvu-5-i-6-srpnja-2022","status":"publish","type":"post","link":"https:\/\/anglist.ffzg.unizg.hr\/?p=42064","title":{"rendered":"Obrane diplomskih radova na prevoditeljstvu 5. i 6. srpnja 2022."},"content":{"rendered":"<p><strong>VA\u017dNA NAPOMENA<\/strong>: Mole se studenti da u e-kolegiju na Omegi pogledaju Forum s obavijestima, gdje \u0107e prona\u0107i detaljnije informacije o obranama 5. i 6. srpnja!<\/p>\n<p>Obrane diplomskih radova odr\u017eat \u0107e se <span style=\"text-decoration: underline;\">5. srpnja 2022. u prostoriji A-123<\/span> prema sljede\u0107em rasporedu:<\/p>\n<table width=\"296\">\n<tbody>\n<tr>\n<td width=\"75\">\n<p>10:10<\/p>\n<\/td>\n<td width=\"221\">\n<p>Banovi\u0107, Pamela\u00a0\u00a0\u00a0\u00a0\u00a0\u00a0\u00a0\u00a0\u00a0\u00a0\u00a0\u00a0\u00a0<\/p>\n<\/td>\n<\/tr>\n<tr>\n<td width=\"75\">\n<p>10:30<\/p>\n<\/td>\n<td width=\"221\">\n<p>\u010cani\u0107, Lovro\u00a0\u00a0\u00a0\u00a0\u00a0\u00a0<\/p>\n<\/td>\n<\/tr>\n<tr>\n<td width=\"75\">\n<p>10:50<\/p>\n<\/td>\n<td width=\"221\">\n<p>Do\u0161en, Lucija\u00a0\u00a0\u00a0\u00a0<\/p>\n<\/td>\n<\/tr>\n<tr>\n<td width=\"75\">\n<p>11:10<\/p>\n<\/td>\n<td width=\"221\">\n<p>Gavran, Iva\u00a0\u00a0\u00a0\u00a0\u00a0\u00a0\u00a0<\/p>\n<\/td>\n<\/tr>\n<tr>\n<td width=\"75\">\n<p>12:20<\/p>\n<\/td>\n<td width=\"221\">\n<p>Hrestak, Dominik<\/p>\n<\/td>\n<\/tr>\n<tr>\n<td width=\"75\">\n<p>12:40<\/p>\n<\/td>\n<td width=\"221\">\n<p>Jurkovi\u0107, Marta<\/p>\n<\/td>\n<\/tr>\n<tr>\n<td width=\"75\">\n<p>13:00<\/p>\n<\/td>\n<td width=\"221\">\n<p>Kal\u0161an, Lara\u00a0\u00a0\u00a0\u00a0\u00a0\u00a0<\/p>\n<\/td>\n<\/tr>\n<tr>\n<td width=\"75\">\n<p>13:20<\/p>\n<\/td>\n<td width=\"221\">\n<p>Kralj, Sanja<\/p>\n<\/td>\n<\/tr>\n<\/tbody>\n<\/table>\n<p>&nbsp;<\/p>\n<p>Obrane \u0107e se <span style=\"text-decoration: underline;\">6. srpnja 2022.<\/span> tako\u0111er odr\u017eati u prostoriji <span style=\"text-decoration: underline;\">A-123<\/span>, i to prema sljede\u0107em rasporedu:<\/p>\n<table width=\"296\">\n<tbody>\n<tr>\n<td width=\"75\">\n<p>10:10<\/p>\n<\/td>\n<td width=\"221\">\n<p>Gra\u010danin, David<\/p>\n<\/td>\n<\/tr>\n<tr>\n<td width=\"75\">\n<p>10:30<\/p>\n<\/td>\n<td width=\"221\">\n<p>Lilek-Toplak, Dunja<\/p>\n<\/td>\n<\/tr>\n<tr>\n<td width=\"75\">\n<p>10:50<\/p>\n<\/td>\n<td width=\"221\">\n<p>Novokmet, Lucija<\/p>\n<\/td>\n<\/tr>\n<tr>\n<td width=\"75\">\n<p>11:10<\/p>\n<\/td>\n<td width=\"221\">\n<p>Pe\u0107ina-Milisavljevi\u0107, Una<\/p>\n<\/td>\n<\/tr>\n<tr>\n<td width=\"75\">\n<p>12:20<\/p>\n<\/td>\n<td width=\"221\">\n<p>Radi\u0107, Mateo\u00a0\u00a0\u00a0\u00a0<\/p>\n<\/td>\n<\/tr>\n<tr>\n<td width=\"75\">\n<p>12:40<\/p>\n<\/td>\n<td width=\"221\">\n<p>Sr\u0161ek, Dora<\/p>\n<\/td>\n<\/tr>\n<tr>\n<td width=\"75\">\n<p>13:00<\/p>\n<\/td>\n<td width=\"221\">\n<p>\u0160tigli\u0107, Petra<\/p>\n<\/td>\n<\/tr>\n<\/tbody>\n<\/table>\n<p>&nbsp;<\/p>\n<p>&nbsp;<\/p>\n","protected":false},"excerpt":{"rendered":"<p>VA\u017dNA NAPOMENA: Mole se studenti da u e-kolegiju na Omegi pogledaju Forum s obavijestima, gdje \u0107e prona\u0107i detaljnije informacije o obranama 5. i 6. srpnja! Obrane diplomskih radova odr\u017eat \u0107e se 5. srpnja 2022. u prostoriji A-123 prema sljede\u0107em rasporedu: 10:10 Banovi\u0107, Pamela\u00a0\u00a0\u00a0\u00a0\u00a0\u00a0\u00a0\u00a0\u00a0\u00a0\u00a0\u00a0\u00a0 10:30 \u010cani\u0107, Lovro\u00a0\u00a0\u00a0\u00a0\u00a0\u00a0 10:50 Do\u0161en, Lucija\u00a0\u00a0\u00a0\u00a0 11:10 Gavran, Iva\u00a0\u00a0\u00a0\u00a0\u00a0\u00a0\u00a0 12:20 Hrestak, Dominik [&hellip;]<\/p>\n","protected":false},"author":23,"featured_media":0,"comment_status":"closed","ping_status":"closed","sticky":false,"template":"","format":"standard","meta":{"ngg_post_thumbnail":0,"footnotes":""},"categories":[3],"tags":[],"class_list":["post-42064","post","type-post","status-publish","format-standard","hentry","category-oglasna-ploca"],"_links":{"self":[{"href":"https:\/\/anglist.ffzg.unizg.hr\/index.php?rest_route=\/wp\/v2\/posts\/42064","targetHints":{"allow":["GET"]}}],"collection":[{"href":"https:\/\/anglist.ffzg.unizg.hr\/index.php?rest_route=\/wp\/v2\/posts"}],"about":[{"href":"https:\/\/anglist.ffzg.unizg.hr\/index.php?rest_route=\/wp\/v2\/types\/post"}],"author":[{"embeddable":true,"href":"https:\/\/anglist.ffzg.unizg.hr\/index.php?rest_route=\/wp\/v2\/users\/23"}],"replies":[{"embeddable":true,"href":"https:\/\/anglist.ffzg.unizg.hr\/index.php?rest_route=%2Fwp%2Fv2%2Fcomments&post=42064"}],"version-history":[{"count":1,"href":"https:\/\/anglist.ffzg.unizg.hr\/index.php?rest_route=\/wp\/v2\/posts\/42064\/revisions"}],"predecessor-version":[{"id":42065,"href":"https:\/\/anglist.ffzg.unizg.hr\/index.php?rest_route=\/wp\/v2\/posts\/42064\/revisions\/42065"}],"wp:attachment":[{"href":"https:\/\/anglist.ffzg.unizg.hr\/index.php?rest_route=%2Fwp%2Fv2%2Fmedia&parent=42064"}],"wp:term":[{"taxonomy":"category","embeddable":true,"href":"https:\/\/anglist.ffzg.unizg.hr\/index.php?rest_route=%2Fwp%2Fv2%2Fcategories&post=42064"},{"taxonomy":"post_tag","embeddable":true,"href":"https:\/\/anglist.ffzg.unizg.hr\/index.php?rest_route=%2Fwp%2Fv2%2Ftags&post=42064"}],"curies":[{"name":"wp","href":"https:\/\/api.w.org\/{rel}","templated":true}]}}