{"id":39328,"date":"2021-03-15T11:15:18","date_gmt":"2021-03-15T10:15:18","guid":{"rendered":"http:\/\/anglist.ffzg.unizg.hr\/?p=39328"},"modified":"2021-03-15T11:15:18","modified_gmt":"2021-03-15T10:15:18","slug":"info-dan-za-studente-erasmus-natjecaj-zimski-semestar-2021-22","status":"publish","type":"post","link":"https:\/\/anglist.ffzg.unizg.hr\/?p=39328","title":{"rendered":"INFO DAN za studente Erasmus+ natje\u010daj &#8211; zimski semestar 2021\/22"},"content":{"rendered":"<p><!--more--><\/p>\n<p>Slijedom objavljenoga <a href=\"http:\/\/www.unizg.hr\/nc\/vijest\/article\/erasmus-natjecaj-za-mobilnost-studenata-za-studijski-boravak-programske-zemlje-ka103-eu-za-zim\/\">Natje\u010daja za Erasmus+ natje\u010daj za studijski boravak u <strong>zimskom semestru<\/strong> akademske godine 2021\/22<\/a>. Slu\u017eba za me\u0111unarodnu suradnju organizira\u00a0<strong>ONLINE <em>Info-dan<\/em> za studente u utorak, 16. o\u017eujka 2021. u 14 sati <\/strong><strong>putem poveznice:<\/strong> <strong><a href=\"https:\/\/meet.google.com\/joq-czua-nwq?hs=224\">meet.google.com\/joq-czua-nwq<\/a><\/strong> (molimo da kao browser koristite Chrome ili Firefox &#8211; ne koristiti Microsoft Edge)<\/p>\n<p>Pozivamo vas da prisustvujete Info\u2013danu na kojem \u0107e biti rije\u010di o postupku prijave, vrstama mobilnosti i na\u010dinu financiranja, \u00a0dokumentaciji, postupku rangiranja, odabira inozemnog sveu\u010dili\u0161ta, itd.<\/p>\n<p><strong>Svakako molimo da <\/strong><strong>pro\u010ditate tekst <\/strong><a href=\"https:\/\/web2020.ffzg.unizg.hr\/international\/stipendije-natjecaji-ljetne-skole\/\">Natje\u010daja, te interne upute Filozofskoga fakulteta<\/a><strong> prije Info-dana. <\/strong><\/p>\n<p>Na <em>Info-danu<\/em> \u0107e sudjelovati i fakultetska ECTS koordinatorica Fakulteta, doc.dr.sc. \u017deljka Miklo\u0161evi\u0107.<\/p>\n","protected":false},"excerpt":{"rendered":"","protected":false},"author":26,"featured_media":0,"comment_status":"closed","ping_status":"closed","sticky":false,"template":"","format":"standard","meta":{"ngg_post_thumbnail":0,"footnotes":""},"categories":[3],"tags":[],"class_list":["post-39328","post","type-post","status-publish","format-standard","hentry","category-oglasna-ploca"],"_links":{"self":[{"href":"https:\/\/anglist.ffzg.unizg.hr\/index.php?rest_route=\/wp\/v2\/posts\/39328","targetHints":{"allow":["GET"]}}],"collection":[{"href":"https:\/\/anglist.ffzg.unizg.hr\/index.php?rest_route=\/wp\/v2\/posts"}],"about":[{"href":"https:\/\/anglist.ffzg.unizg.hr\/index.php?rest_route=\/wp\/v2\/types\/post"}],"author":[{"embeddable":true,"href":"https:\/\/anglist.ffzg.unizg.hr\/index.php?rest_route=\/wp\/v2\/users\/26"}],"replies":[{"embeddable":true,"href":"https:\/\/anglist.ffzg.unizg.hr\/index.php?rest_route=%2Fwp%2Fv2%2Fcomments&post=39328"}],"version-history":[{"count":1,"href":"https:\/\/anglist.ffzg.unizg.hr\/index.php?rest_route=\/wp\/v2\/posts\/39328\/revisions"}],"predecessor-version":[{"id":39329,"href":"https:\/\/anglist.ffzg.unizg.hr\/index.php?rest_route=\/wp\/v2\/posts\/39328\/revisions\/39329"}],"wp:attachment":[{"href":"https:\/\/anglist.ffzg.unizg.hr\/index.php?rest_route=%2Fwp%2Fv2%2Fmedia&parent=39328"}],"wp:term":[{"taxonomy":"category","embeddable":true,"href":"https:\/\/anglist.ffzg.unizg.hr\/index.php?rest_route=%2Fwp%2Fv2%2Fcategories&post=39328"},{"taxonomy":"post_tag","embeddable":true,"href":"https:\/\/anglist.ffzg.unizg.hr\/index.php?rest_route=%2Fwp%2Fv2%2Ftags&post=39328"}],"curies":[{"name":"wp","href":"https:\/\/api.w.org\/{rel}","templated":true}]}}