{"id":34882,"date":"2019-03-29T15:33:07","date_gmt":"2019-03-29T14:33:07","guid":{"rendered":"http:\/\/anglist.ffzg.unizg.hr\/?p=34882"},"modified":"2019-03-29T16:09:31","modified_gmt":"2019-03-29T15:09:31","slug":"beyond-the-49th-parallel-many-faces-of-the-canadian-north","status":"publish","type":"post","link":"https:\/\/anglist.ffzg.unizg.hr\/?p=34882","title":{"rendered":"Beyond the 49th Parallel: Many Faces of the Canadian North"},"content":{"rendered":"<p><span style=\"font-size: small;\"><img decoding=\"async\" title=\"Polic-beyond-18\" src=\"https:\/\/anglist.ffzg.unizg.hr\/wp-content\/uploads\/2019\/03\/Polic-Beyond-the-49th-2018.png\" alt=\"Polic-beyond-18\" \/><\/span><\/p>\n<p><span style=\"font-size: 10pt;\"><strong>Beyond the 49<sup>th<\/sup> Parallel : Many Faces of the Canadian North \/ Au-del\u00e0 du 49\u00e8me parall\u00e8le : multiples visages du Nord canadien, \u00c9vaine Le Calv\u00e9-Ivi\u010devi\u0107 and Vanja Poli\u0107 (eds.). Central European Association of Canadian Studies. Brno: Masaryk University Press, 2018.<\/strong><\/span><\/p>\n<p style=\"text-align: justify;\"><span style=\"font-size: 10pt;\">The volume is a collection of essays on the different issues regarding the North, as observed from the perspective of Canadian studies. Since Canada as a whole can be considered the \u201cNorth,\u201d the volume includes a scope of multidisciplinary texts that question a whole range of \u201cNorths\u201d in the past and present, and in a variety of areas, from founding narratives to land management policies and social issues, to literature and other artistic genres. Each of these areas highlights a different kind of \u201cnordicity\u201d for, beyond geography, \u201cthe North\u201d embraces a wide scope of meanings and symbolic values. Divided into five parts, the contributions in this volume provide a kaleidoscopic presentation of topics in this vast explorative project of the equally vast space that is the North. <\/span><\/p>\n","protected":false},"excerpt":{"rendered":"<p>Beyond the 49th Parallel : Many Faces of the Canadian North \/ Au-del\u00e0 du 49\u00e8me parall\u00e8le : multiples visages du Nord canadien, \u00c9vaine Le Calv\u00e9-Ivi\u010devi\u0107 and Vanja Poli\u0107 (eds.). Central European Association of Canadian Studies. Brno: Masaryk University Press, 2018. The volume is a collection of essays on the different issues regarding the North, as [&hellip;]<\/p>\n","protected":false},"author":6,"featured_media":0,"comment_status":"closed","ping_status":"closed","sticky":false,"template":"","format":"standard","meta":{"ngg_post_thumbnail":0,"footnotes":""},"categories":[81],"tags":[],"class_list":["post-34882","post","type-post","status-publish","format-standard","hentry","category-knjige-clanova-odsjeka-opisi"],"_links":{"self":[{"href":"https:\/\/anglist.ffzg.unizg.hr\/index.php?rest_route=\/wp\/v2\/posts\/34882","targetHints":{"allow":["GET"]}}],"collection":[{"href":"https:\/\/anglist.ffzg.unizg.hr\/index.php?rest_route=\/wp\/v2\/posts"}],"about":[{"href":"https:\/\/anglist.ffzg.unizg.hr\/index.php?rest_route=\/wp\/v2\/types\/post"}],"author":[{"embeddable":true,"href":"https:\/\/anglist.ffzg.unizg.hr\/index.php?rest_route=\/wp\/v2\/users\/6"}],"replies":[{"embeddable":true,"href":"https:\/\/anglist.ffzg.unizg.hr\/index.php?rest_route=%2Fwp%2Fv2%2Fcomments&post=34882"}],"version-history":[{"count":4,"href":"https:\/\/anglist.ffzg.unizg.hr\/index.php?rest_route=\/wp\/v2\/posts\/34882\/revisions"}],"predecessor-version":[{"id":34891,"href":"https:\/\/anglist.ffzg.unizg.hr\/index.php?rest_route=\/wp\/v2\/posts\/34882\/revisions\/34891"}],"wp:attachment":[{"href":"https:\/\/anglist.ffzg.unizg.hr\/index.php?rest_route=%2Fwp%2Fv2%2Fmedia&parent=34882"}],"wp:term":[{"taxonomy":"category","embeddable":true,"href":"https:\/\/anglist.ffzg.unizg.hr\/index.php?rest_route=%2Fwp%2Fv2%2Fcategories&post=34882"},{"taxonomy":"post_tag","embeddable":true,"href":"https:\/\/anglist.ffzg.unizg.hr\/index.php?rest_route=%2Fwp%2Fv2%2Ftags&post=34882"}],"curies":[{"name":"wp","href":"https:\/\/api.w.org\/{rel}","templated":true}]}}