{"id":32036,"date":"2018-03-01T13:11:29","date_gmt":"2018-03-01T12:11:29","guid":{"rendered":"http:\/\/anglist.ffzg.unizg.hr\/?p=32036"},"modified":"2018-03-01T13:21:12","modified_gmt":"2018-03-01T12:21:12","slug":"poziv-za-sudjelovanje-na-studentsku-konferenciju-stulikon-2018","status":"publish","type":"post","link":"https:\/\/anglist.ffzg.unizg.hr\/?p=32036","title":{"rendered":"Poziv za sudjelovanje na studentskoj konferenciji \u2013  Stulikon 2018."},"content":{"rendered":"<p><span style=\"font-size: 10pt;\"><!--more--><\/span><\/p>\n<p style=\"text-align: center;\"><span style=\"font-size: 10pt;\"><strong>Poziv za sudjelovanje na 7. Studentskoj lingvisti\u010dkoj konferenciji \u2013 <\/strong><strong>Stulikon 2018. <br \/>\n Zagreb, od 10. do 12. svibnja 2018. godine <br \/>\n <\/strong><\/span><\/p>\n<p><span style=\"font-size: 10pt;\">Po\u0161tovane kolegice i kolege!<\/span><\/p>\n<p><span style=\"font-size: 10pt;\">Na Filozofskom fakultetu Sveu\u010dili\u0161ta u Zagrebu <strong>od 10. do 12. svibnja 2018. godine<\/strong> odr\u017eat \u0107e se sedma Studentska lingvisti\u010dka konferencija \u2013 Stulikon.<\/span><\/p>\n<p style=\"text-align: justify;\"><span style=\"font-size: 10pt;\">Cilj je Stulikona povezivanje studenata jezika i jezikoslovlja u na\u0161oj regiji, a time i uspostavljanje me\u0111unarodnog studentskog prostora koji omogu\u0107ava djelovanje izvan vlastitih fakulteta, sveu\u010dili\u0161ta i dr\u017eava. Poziv na sudjelovanje namijenjen je svim studentima koji se bave jezikom u okviru raznih znanstvenih disciplina.<\/span><\/p>\n<p style=\"text-align: justify;\"><span style=\"font-size: 10pt;\">Svoj rad \u0161aljite na: <strong>stulikon.2018@gmail.com<\/strong>. U prijavi obavezno napi\u0161ite svoje puno ime, naslov rada, sa\u017eetak rada (opsega do 500 rije\u010di), jezikoslovno podru\u010dje te jezik na kojem izla\u017eete.<\/span><\/p>\n<p style=\"text-align: justify;\"><span style=\"font-size: 10pt;\">Preporu\u010damo sljede\u0107a jezikoslovna podru\u010dja: fonetika, fonologija, morfologija, sintaksa, semantika, povijest jezika, dijalektologija, poredbena lingvistika, pragmatika, sociolingvistika, psiholingvistika, ra\u010dunalna lingvistika, semiotika, kognitivna lingvistika, antropolo\u0161ka lingvistika. Tema koju prijavljujete mo\u017ee biti iz bilo kojeg jezikoslovnog ili interdisciplinarnog podru\u010dja koje se nadovezuje na jezikoslovlje.<\/span><\/p>\n<p style=\"text-align: justify;\"><span style=\"font-size: 10pt;\">Jedna osoba mo\u017ee prijaviti najvi\u0161e jedan samostalan rad i jedan rad u koautorstvu. Najvi\u0161e \u010detiri autora mogu prijaviti koautorski rad. Radovi moraju biti napisani i predstavljeni na jednom od ju\u017enoslavenskih jezika ili engleskom jeziku. Predvi\u0111eno vrijeme za prezentaciju je 20 minuta, a zatim slijedi 10 minuta za pitanja i raspravu.<\/span><\/p>\n<p style=\"text-align: justify;\"><span style=\"font-size: 10pt;\">Rok za prijavu radova je <strong>15. 4. 2018<\/strong>. O izboru \u0107ete biti obavije\u0161teni do <strong>22. 4. 2018<\/strong>. Rok za registraciju, odnosno potvrda dolaska na konferenciju je <strong>29. 4. 2018<\/strong>. Tako\u0111er, ovim putem vas obavje\u0161tavamo da \u0107emo skupljati radove koje \u0107ete izlagati u svrhu publikacije, no o tome \u0107ete biti daljnje obavije\u0161teni.<\/span><\/p>\n<p><span style=\"font-size: 10pt;\">Vi\u0161e informacija mo\u017eete dobiti na Facebook stranici <em>Studentska lingvisti\u010dka konferencija &#8211; Stulikon 2018, Zagreb..<\/em> Na va\u0161a pitanja odgovaramo i na e-adresi <strong>stulikon.2018@gmail.com<\/strong>.<\/span><\/p>\n<p> <span style=\"font-size: 10pt;\">Facebook stranica konferencije:<\/span><br \/>\n <span style=\"font-size: 10pt;\"> <a title=\"This external link will open in a new window\" href=\"http:\/\/facebook.com\/StuLiKon2018Zagreb\/\" target=\"_blank\" rel=\"noopener\">facebook.com\/<wbr><\/wbr>StuLiKon2018Zagreb\/<br \/>\n <\/a> <\/span><br \/>\n <span style=\"font-size: 10pt;\">Stranica Kluba studenata lingvistike Asterisk:<\/span><br \/>\n <span style=\"font-size: 10pt;\"> <a title=\"This external link will open in a new window\" href=\"http:\/\/facebook.com\/asterisk.ffzg\/\" target=\"_blank\" rel=\"noopener\">facebook.com\/asterisk.ffzg\/<\/a><\/span><\/p>\n<p><span style=\"font-size: 10pt;\">Srda\u010dno,<br \/>\nstudenti lingvistike Filozofskog fakulteta Sveu\u010dili\u0161ta u Zagrebu<br \/>\nZagreb, 14. 2. 2018.<\/span><\/p>\n<p>&nbsp;<\/p>\n<p>&nbsp;<\/p>\n","protected":false},"excerpt":{"rendered":"","protected":false},"author":6,"featured_media":0,"comment_status":"closed","ping_status":"closed","sticky":false,"template":"","format":"standard","meta":{"ngg_post_thumbnail":0,"footnotes":""},"categories":[76,3],"tags":[],"class_list":["post-32036","post","type-post","status-publish","format-standard","hentry","category-obavijesti-za-naslovnicu","category-oglasna-ploca"],"_links":{"self":[{"href":"https:\/\/anglist.ffzg.unizg.hr\/index.php?rest_route=\/wp\/v2\/posts\/32036","targetHints":{"allow":["GET"]}}],"collection":[{"href":"https:\/\/anglist.ffzg.unizg.hr\/index.php?rest_route=\/wp\/v2\/posts"}],"about":[{"href":"https:\/\/anglist.ffzg.unizg.hr\/index.php?rest_route=\/wp\/v2\/types\/post"}],"author":[{"embeddable":true,"href":"https:\/\/anglist.ffzg.unizg.hr\/index.php?rest_route=\/wp\/v2\/users\/6"}],"replies":[{"embeddable":true,"href":"https:\/\/anglist.ffzg.unizg.hr\/index.php?rest_route=%2Fwp%2Fv2%2Fcomments&post=32036"}],"version-history":[{"count":3,"href":"https:\/\/anglist.ffzg.unizg.hr\/index.php?rest_route=\/wp\/v2\/posts\/32036\/revisions"}],"predecessor-version":[{"id":32040,"href":"https:\/\/anglist.ffzg.unizg.hr\/index.php?rest_route=\/wp\/v2\/posts\/32036\/revisions\/32040"}],"wp:attachment":[{"href":"https:\/\/anglist.ffzg.unizg.hr\/index.php?rest_route=%2Fwp%2Fv2%2Fmedia&parent=32036"}],"wp:term":[{"taxonomy":"category","embeddable":true,"href":"https:\/\/anglist.ffzg.unizg.hr\/index.php?rest_route=%2Fwp%2Fv2%2Fcategories&post=32036"},{"taxonomy":"post_tag","embeddable":true,"href":"https:\/\/anglist.ffzg.unizg.hr\/index.php?rest_route=%2Fwp%2Fv2%2Ftags&post=32036"}],"curies":[{"name":"wp","href":"https:\/\/api.w.org\/{rel}","templated":true}]}}