{"id":11604,"date":"2013-05-24T13:24:29","date_gmt":"2013-05-24T12:24:29","guid":{"rendered":"http:\/\/www.ffzg.unizg.hr\/anglist\/?p=11604"},"modified":"2015-02-10T13:27:37","modified_gmt":"2015-02-10T12:27:37","slug":"festival-europske-kratke-price-26-31-svibnja-2013","status":"publish","type":"post","link":"https:\/\/anglist.ffzg.unizg.hr\/?p=11604","title":{"rendered":"FESTIVAL EUROPSKE KRATKE PRI\u010cE &#8211; program (26. \u2013 31. svibnja 2013.)"},"content":{"rendered":"<p style=\"line-height: normal;\"><span style=\"font-size: small;\"><!--more--><\/span><\/p>\n<p style=\"line-height: normal; text-align: center;\"><span style=\"color: #265572;\"><strong><span style=\"font-size: small;\">FESTIVAL EUROPSKE KRATKE PRI\u010cE &#8211; PROGRAM<br \/>26. \u2013 31. svibnja 2013.<br \/>Zagreb<br \/><\/span><\/strong><span style=\"font-size: small; color: #99ccff;\">______________________________________________________________________________________<\/span><strong><span style=\"font-size: small;\"><br \/><\/span><\/strong><\/span><\/p>\n<p style=\"line-height: normal; text-align: justify;\"><span style=\"text-decoration: underline;\"><strong><span style=\"font-size: small;\"><br \/><span style=\"color: #b78d33; text-decoration: underline;\">Nedjelja, 26. svibnja<\/span><\/span><\/strong><\/span><\/p>\n<p style=\"line-height: normal; text-align: justify;\"><span style=\"font-size: small;\"><strong>15:00<\/strong><\/span><br \/><span style=\"font-size: small;\"> <strong>Neformalno otvorenje FEKP 2013.<\/strong><\/span><\/p>\n<p style=\"line-height: normal; text-align: justify;\"><span style=\"font-size: small;\">\u010cuvajte se: hrvatski umjetnici kuhaju!<\/span><\/p>\n<p style=\"line-height: normal; text-align: justify;\"><span style=\"font-size: small;\"><strong>Z. Feri\u0107, S. Karuza, R. Mlinarec, I.Prtenja\u010da<\/strong><\/span><\/p>\n<p style=\"line-height: normal; text-align: justify;\"><span style=\"font-size: small;\">20:00 h<br \/>\u010citanje i razgovor<strong> <\/strong><\/span><\/p>\n<p style=\"line-height: normal; text-align: justify;\"><span style=\"font-size: small;\"><strong>Izme\u0111u dvije lijepe vatre: pri\u010de i romani<br \/>Owen Martell, Josip Novakovich, Keith Ridgway <\/strong><\/span><\/p>\n<p style=\"line-height: normal; text-align: justify;\"><span style=\"font-size: small;\"><strong>\u00a0<\/strong>Cort\u00e1zar je rekao da roman pobje\u0111uje na bodove, a pri\u010da nokautom; Cheever da se pisac kratkih pri\u010da bavi intuicijom, strepnjom i snovima, a romanopisac karakterima i zapletom (\u201ca zaplet podrazumijeva naraciju i hrpu sranja\u201d). O svom vi\u0111enju problema i o tome kakvi su kao kratkopri\u010da\u0161i, a kakvi kao romanopisci \u2013 tko je tu dr. Jekyll, a tko gospodin Hyde \u2013 govore podvojeni, klicono\u0161e, stanovnici oba svijeta: Trezise! Ridgway! Novakovich!<\/span><\/p>\n<p style=\"line-height: normal; text-align: justify;\"><span style=\"font-size: small;\">Moderiraju: M. Simi\u0107, R. Simi\u0107 Bodro\u017ei\u0107,<br \/>Booksa, Marti\u0107eva 14 D<br \/><span style=\"color: #ffcc99;\">_____________________________________________________________________________________<\/span><br \/><\/span><\/p>\n<p style=\"line-height: normal; text-align: justify;\"><span style=\"text-decoration: underline; color: #b78d33;\"><strong><span style=\"font-size: small;\">Ponedjeljak, 27. svibnja<\/span><\/strong><\/span><\/p>\n<p style=\"line-height: normal; text-align: justify;\"><span style=\"font-size: small;\">16:30 h<br \/>JEZICI<br \/>16:30 h<br \/>Predstavljanje, \u0161panjolski<\/span><\/p>\n<p style=\"line-height: normal; text-align: justify;\"><span style=\"font-size: small;\"><strong>David Roas<\/strong><\/span><\/p>\n<p style=\"line-height: normal; text-align: justify;\"><span style=\"font-size: small;\">Moderira: G. Mati\u0107<br \/>Filozofski fakultet, Ivana Lu\u010di\u0107a 3, Aula Cervantes, A-117<br \/>15:30 \u2013 17:00 h<\/p>\n<p>Predstavljanje, ma\u0111arski<\/span><\/p>\n<p style=\"line-height: normal; text-align: justify;\"><span style=\"font-size: small;\"><strong>Ildik\u00f3 Lovas\u00a0\u00a0\u00a0\u00a0\u00a0\u00a0\u00a0\u00a0\u00a0\u00a0\u00a0\u00a0\u00a0\u00a0\u00a0\u00a0\u00a0\u00a0\u00a0\u00a0\u00a0\u00a0\u00a0\u00a0\u00a0\u00a0\u00a0\u00a0\u00a0\u00a0\u00a0\u00a0 <\/strong><\/span><\/p>\n<p style=\"line-height: normal; text-align: justify;\"><span style=\"font-size: small;\">Moderira: F. \u0106urkovi\u0107 Major<br \/>Filozofski fakultet, Ivana Lu\u010di\u0107a 3, A-217<br \/>16:00-17:00<\/span><\/p>\n<p style=\"line-height: normal; text-align: justify;\"><span style=\"font-size: small;\">Predstavljanje, engleski<\/span><br \/><span style=\"font-size: small;\"> (Prevoditeljska radionica vel\u0161ke knji\u017eevnosti)<\/span><\/p>\n<p style=\"line-height: normal; text-align: justify;\"><span style=\"font-size: small;\"><strong>Deborah Kay Davies<\/strong><\/span><\/p>\n<p style=\"line-height: normal; text-align: justify;\"><span style=\"font-size: small;\">Moderiraju \/ Moderated by: T. Ra\u0161e i T. Kuzmanovi\u0107<br \/>Filozofski fakultet, Ivana Lu\u010di\u0107a 3, A-123<br \/>17:00 h<\/span><\/p>\n<p style=\"line-height: normal; text-align: justify;\"><span style=\"font-size: small;\">Radionica, hrvatski, engleski<\/span><\/p>\n<p style=\"line-height: normal; text-align: justify;\"><span style=\"font-size: small;\"><strong>Zlatno doba vizualnog pri\u010danja pri\u010da<br \/>Karrie Fransman<\/strong><\/span><\/p>\n<p style=\"line-height: normal; text-align: justify;\"><span style=\"font-size: small;\">Karrie Fransman, koja svoje stripove i strip-reporta\u017ee objavljuje u vode\u0107im britanskim tiskanim medijima (<em>The Guardian<\/em>, <em>The Times<\/em>, <em>The Telegraph<\/em>, <em>The New Statesman<\/em>, <em>Time Out.<\/em>..) na ovogodi\u0161njem FEKP-u ima trostruku ulogu: doma\u0107ice (strip-radionici u Booksi), go\u0161\u0107e (\u010diji rad predstavljamo) i doma\u0107ice-go\u0161\u0107e (koja \u0107e pri\u010de pisaca i atmosferu Festivala pretvoriti u strip). Na Karrienoj radionici uhvatit \u0107emo se u ko\u0161tac s uzbudljivim medijem grafi\u010dkog romana, istra\u017eiti povijest sekvencijalne umjetnosti od tapiserije iz Bayeuxa do tapiserija ekscentri\u010dnog umjetnika Graysona Perryja, raspravljati o terminima kao \u0161to su manga, grafi\u010dki roman, sekvencijalna umjetnost, te na kraju otkriti za\u0161to se \u010dini da se nalazimo na pragu zlatnog doba vizualnog pri\u010danja pri\u010da.<\/span><\/p>\n<p style=\"line-height: normal; text-align: justify;\"><span style=\"font-size: small;\">Moderira: M. Simi\u0107,<br \/><\/span><span style=\"font-size: small;\">Booksa, Marti\u0107eva 14 D<br \/>18:00 h<\/span><\/p>\n<p style=\"line-height: normal; text-align: justify;\"><span style=\"font-size: small;\">\u010citanje i razgovor\u00a0<strong> <\/strong><\/span><\/p>\n<p style=\"line-height: normal; text-align: justify;\"><span style=\"font-size: small;\"><strong>Adam Marek i Rachel Trezise<\/strong><\/span><\/p>\n<p style=\"line-height: normal; text-align: justify;\"><span style=\"font-size: small;\">Ujedinjeno Kraljevstvo u Hrvatsku je poslalo dva mo\u0107na agenta kratke pri\u010de! \u201cRani McEwan koji susre\u0107e Davida Cronenberga\u201d (Marek), i \u201cjedna od najfascinatnijih i najoriginalnijih mladih britanskih spisateljica\u201d (Trezise), pri\u010dat \u0107e o okrutnosti i nje\u017enosti, o glazbi i o ti\u0161ini, o tome gdje sve pri\u010du vide i kako nas njome uspijevaju pogoditi u srce. Razotkrivanje (njihovo) susre\u0107e otkrivanje (na\u0161e) \u2013 ne propustite!<\/span><\/p>\n<p style=\"line-height: normal; text-align: justify;\"><span style=\"font-size: small;\">Moderira: \u017d. \u010cernok<br \/>Booksa, Marti\u0107eva 14 D<br \/>18:30 h<\/span><\/p>\n<p style=\"line-height: normal; text-align: justify;\"><span style=\"font-size: small;\">\u010citanje i razgovor\u00a0<strong> <\/strong><\/span><\/p>\n<p style=\"line-height: normal; text-align: justify;\"><span style=\"font-size: small;\"><strong>Edo Popovi\u0107<\/strong><em><b>: <\/b><\/em><strong>26 godina<\/strong><em><b> Boogieja <\/b><\/em><strong>i 36 godina rock\u2019n\u2019rolla<\/strong><\/span><\/p>\n<p style=\"line-height: normal; text-align: justify;\"><span style=\"font-size: small;\">Edo Popovi\u0107, Nenad Bartol\u010di\u0107 i Branko \u010cegec<br \/><em>Pono\u0107ni boogie<\/em>, kultna knjiga hrvatske knji\u017eevnosti, slavi 26. ro\u0111endan i \u2013 hvala na pitanju! \u2013 jednako je zamamna kao i na dan kad je objavljena. Od prve objavljene pri\u010de njezina autora, Ede Popovi\u0107a, pro\u0161lo je pak 36 godina \u2013 i ako je od tog boogieja u hrvatskoj knji\u017eevnosti bilo rock\u2019n\u2019rolla \u2013 pra\u0161io ga je on! Pisac kojega volimo, dvije neokrugle obljetnice koje se moraju proslaviti!<\/span><\/p>\n<p style=\"line-height: normal; text-align: justify;\"><span style=\"font-size: small;\">Moderira: R. Simi\u0107 Bodro\u017ei\u0107<br \/>Knji\u017enica i \u010ditaonica Bogdana Ogrizovi\u0107a, Preradovi\u0107eva 5<br \/>19: 00 h<\/span><\/p>\n<p style=\"line-height: normal; text-align: justify;\"><span style=\"font-size: small;\">\u010citanje i razgovor<\/span><\/p>\n<p style=\"line-height: normal; text-align: justify;\"><span style=\"font-size: small;\"><strong>Philippe Claudel<\/strong><\/span><\/p>\n<p style=\"line-height: normal; text-align: justify;\"><span style=\"font-size: small;\">Svjetski poznat kao pisac i kao redatelj, hrvatskoj se publici predstavio romanima <em>Sive du\u0161e<\/em> i <em>Brodeckov izvje\u0161taj, <\/em>za koje su mu dodijeljene presti\u017ene francuske i me\u0111unarodne nagrade: Prix Renaudot, Independent Foreign Fiction Prize, Martin Beck Award\u2026 Popis priznanja tu ne prestaje: za film <em>Voljela sam te toliko dugo<\/em> osvaja C\u00e9sara za najbolji filmski prvijenac, te nagradu Bafta za najbolji film izvan engleskog govornog podru\u010dja. Godine 2003. njegova zbirka pri\u010da <em>Les Petites m\u00e9caniques<\/em> osvojila je nagradu Goncourt de la nouvelle. Dame i gospodo: Philippe Claudel!<\/span><\/p>\n<p style=\"line-height: normal; text-align: justify;\"><span style=\"font-size: small;\">Moderira: M. Ko\u0161\u010dec<\/span><br \/><span style=\"font-size: small;\"> Medijateka Francuskog instituta, Preradovi\u0107eva 5<br \/>20:30 h<br \/>\u010citanje<\/span><\/p>\n<p style=\"line-height: normal; text-align: justify;\"><span style=\"font-size: small;\"><strong>Hassan Blasim <\/strong>(Iran\/Finska),<strong> Rawi Hage <\/strong>(Kanada\/Libanon),<strong> DEborah Kay Davies <\/strong>(Vels),<strong> Ildiko Lovas <\/strong>(Ma\u0111arska),<strong> Josip Novakovi\u0107 <\/strong>(Kanada),<strong> Edo Popovi\u0107 <\/strong>(Hrvatska)<\/span><\/p>\n<p style=\"line-height: normal; text-align: justify;\"><span style=\"font-size: small;\">Studentski centar, Polukru\u017ena dvorana &amp;TD, Savska 25<br \/><span style=\"color: #ffcc99;\">___________________________________________________________________________________<\/span><br \/><\/span><\/p>\n<p style=\"line-height: normal; text-align: justify;\"><span style=\"text-decoration: underline; color: #b78d33;\"><strong><span style=\"font-size: small;\">Utorak, 28. svibnja<\/span><\/strong><\/span><\/p>\n<p style=\"line-height: normal; text-align: justify;\"><span style=\"font-size: small;\">17:00<br \/>Jezici, francuski<br \/>Predstavljanje<\/span><\/p>\n<p style=\"line-height: normal; text-align: justify;\"><span style=\"font-size: small;\"><strong>Philippe Claudel<\/strong><\/span><\/p>\n<p style=\"line-height: normal; text-align: justify;\"><span style=\"font-size: small;\">Moderira: M. Ko\u0161\u010dec, E. Lecalv\u00e9-Ivi\u010devi\u0107<br \/>Filozofski fakultet, Ivana Lu\u010di\u0107a 3, A-107<br \/>18:00 h<\/span><\/p>\n<p style=\"line-height: normal; text-align: justify;\"><span style=\"font-size: small;\">Predstavljanje knjige<\/span><\/p>\n<p style=\"line-height: normal; text-align: justify;\"><span style=\"font-size: small;\"><strong>Alek Popov<\/strong>, <em>Mitologija tranzicije<\/em><\/span><\/p>\n<p style=\"line-height: normal; text-align: justify;\"><span style=\"font-size: small;\">Moderira: M. Buljevi\u0107, K. Banovi\u0107<br \/>Booksa, Marti\u0107eva 14 D<br \/>18:00 h<br \/>\u010citanje i razgovor<\/span><\/p>\n<p style=\"line-height: normal; text-align: justify;\"><span style=\"font-size: small;\"><strong>Izlo\u017eba le\u0161eva i druge bliskoisto\u010dne\/dalekozapadne pri\u010de<br \/>Hassan Blasim <\/strong><\/span><\/p>\n<p style=\"line-height: normal; text-align: justify;\"><span style=\"font-size: small;\">Ira\u010dki pisac i redatelj, od 2004. kao prognanik nastanjen u Finskoj, govori o Iraku svojih pri\u010da, o arapskom prolje\u0107u i finskoj zimi, o tome kako se \u017eivi u svojem i tu\u0111em jeziku i knji\u017eevnosti\u2026 Za knjigu pri\u010da <em>Iraqi Christ<\/em> objavljenu u izdanju britanskog Comma Pressa i ameri\u010dkog Penguina 2012. dodijeljena mu je nagrada Writers in Translation engleskog PEN-a. Humor i u\u017eas ovih pri\u010da ne\u0107ete zaboraviti.<\/span><\/p>\n<p style=\"line-height: normal; text-align: justify;\"><span style=\"font-size: small;\">Moderiraju: M. Simi\u0107, J. Hinks<br \/>Caf\u00e9 U Dvori\u0161tu, \u017derjavi\u0107eva 7\/2<br \/>19:00 h<\/span><\/p>\n<p style=\"line-height: normal; text-align: justify;\"><span style=\"font-size: small;\"><strong>Kratak uvod u suvremenu vel\u0161ku kratku pri\u010du<br \/>Jon Gower, Deborah Kay Davies, Owen Martell, Rachel Trezise<\/strong><\/span><\/p>\n<p style=\"line-height: normal; text-align: justify;\"><span style=\"font-size: small;\">Svi vi \u010dija je prva asocijacija bila Tom Jones, poku\u0161ajte ponovo!<\/span><\/p>\n<p style=\"line-height: normal; text-align: justify;\"><span style=\"font-size: small;\">Iz zmajevog gnijezda sti\u017eu nam knji\u017eevnost i knji\u017eevnici zbog kojih vrijedi mijenjati i predod\u017ebe i prioritete! Njih \u010detvero ponajbolji su predstavnici vel\u0161ke kratke pri\u010de (ali i romana, i poezije!), dobivaju nagrade, pi\u0161u i objavljuju na vel\u0161kom i na engleskom. Na kojim jezicima sanjaju i koliko je zelena njihova dolina saznat \u0107ete na Festivalu Europske kratke pri\u010de, ve\u010deras, U Dvori\u0161tu!<\/span><\/p>\n<p style=\"line-height: normal; text-align: justify;\"><span style=\"font-size: small;\">Zbogom, g. Jones!<br \/>Moderiraju: K. Brajdi\u0107, J. Gower<br \/>Caf\u00e9 U Dvori\u0161tu, \u017derjavi\u0107eva 7\/2<br \/>19:00 h<\/span><\/p>\n<p style=\"line-height: normal; text-align: justify;\"><span style=\"font-size: small;\">Razgovor<\/span><\/p>\n<p style=\"line-height: normal; text-align: justify;\"><span style=\"font-size: small;\"><strong>Rawi Hage<\/strong><\/span><\/p>\n<p style=\"line-height: normal; text-align: justify;\"><span style=\"font-size: small;\">Od njegovih zapleta katkad suspregnete dah, katkad vam se zgr\u010di \u017eeludac; njegova proza op\u010dinjava poput najritmi\u010dnije lirike, re\u010denice se pletu u poetske kovitlace, ali to je i dalje napeta pripovijest. Vrhunski pripovjeda\u010d i fascinantan pjesnik u istom tekstu, Rawi Hage pripovijeda za\u010dudne sudbine izbjeglica, mutnih tipova, doseljenika, izgubljenih du\u0161a, izranjavanih ljudi i njihovih mu\u010ditelja, ponekad s crnim humorom, drugi put s tragi\u010dnom gor\u010dinom, a gdjegdje i bez milosti, bilo prema likovima ili \u010ditateljima. Te\u0161ko da \u0107e vas Rawi Hage uljuljati u san; probudit \u0107ete se, bogatiji za jo\u0161 jedan ko\u0161mar, i ne bojte se, jer samo su ko\u0161mari tako bogati svime.<\/span><\/p>\n<p style=\"line-height: normal; text-align: justify;\"><span style=\"font-size: small;\">Moderira: S. Serdarevi\u0107<br \/>Medijateka, Preradovi\u0107eva 5<br \/>20:30 h<\/span><\/p>\n<p style=\"line-height: normal; text-align: justify;\"><span style=\"font-size: small;\">\u010citanje i dodjela nagrade radionice iz suvremene vel\u0161ke kratke pri\u010de<\/span><\/p>\n<p style=\"line-height: normal; text-align: justify;\"><span style=\"font-size: small;\"><strong>Philippe Claudel<\/strong> (Francuska)<strong>,<\/strong> <strong>Adam Marek <\/strong>(Velika Britanija)<strong>, Filip David <\/strong>(Srbija)<strong>, Rachel Trezise <\/strong>(Vels)<strong>, Keith Ridgeway <\/strong>(Irska)<strong>, Ivana Simi\u0107 Bodro\u017ei\u0107<\/strong> (Hrvatska)<\/span><\/p>\n<p style=\"line-height: normal; text-align: justify;\"><span style=\"font-size: small;\">Studentski centar, Polukru\u017ena dvorana &amp;TD, Savska 25<br \/><span style=\"color: #ffcc99;\">_______________________________________________________________________________________<\/span><br \/><\/span><\/p>\n<p style=\"line-height: normal; text-align: justify;\"><span style=\"text-decoration: underline; color: #b78d33;\"><strong><span style=\"font-size: small;\">Srijeda, 29. lipnja<\/span><\/strong><\/span><\/p>\n<p style=\"line-height: normal; text-align: justify;\"><span style=\"font-size: small;\">18:00 h<br \/>\u010citanje i razgovor<strong> <\/strong><\/span><\/p>\n<p style=\"line-height: normal; text-align: justify;\"><span style=\"font-size: small;\"><strong>Paolo Giordano<\/strong><\/span><\/p>\n<p style=\"line-height: normal; text-align: justify;\"><span style=\"font-size: small;\">Pisanje je isprva shva\u0107ao kao hobi, predah koji mu je ostavljala njegova prva ljubav \u2013 fizika. Pisao je kratke pri\u010de, da bi 2008. svojim prvim romanom <em>Samo\u0107a primarnih brojeva <\/em>osvojio sve: publiku, kriti\u010dare, prijevode na preko 40 stranih jezika te najzna\u010dajnije talijanske knji\u017eevne nagrade, me\u0111u kojima i Premio Strega. Na svom prvom hrvatskom nastupu<\/span><\/p>\n<p style=\"line-height: normal; text-align: justify;\"><span style=\"font-size: small;\">u govorit \u0107e o knji\u017eevnosti i znanosti, ljubavi i samo\u0107i, o na\u0161im modernim ratovima i svome novom, nedavno objavljenom romanu <em>Il corpo umano<\/em>.<\/span><\/p>\n<p style=\"line-height: normal; text-align: justify;\"><span style=\"font-size: small;\">Moderira: T. Peru\u0161ko<br \/>Talijanski institut za kulturu u Zagrebu, Preobra\u017eenska 4<br \/>19:00 h<\/span><\/p>\n<p style=\"line-height: normal; text-align: justify;\"><span style=\"font-size: small;\">Razgovor<\/span><\/p>\n<p style=\"line-height: normal; text-align: justify;\"><span style=\"font-size: small;\"><strong>Filip David<\/strong><\/span><\/p>\n<p style=\"line-height: normal; text-align: justify;\"><span style=\"font-size: small;\">Bez sumnje jedan od najboljih suvremenih srpskih prozaika, scenarist i dramaturg Filip David govorit \u0107e o svojim pri\u010dama, o mistici i fantastici. Davidove pri\u010de sabrane u knjizi <em>Princ vatre: nove i stare pri\u010de <\/em>otkrivaju vrhunskog pripovjeda\u010da koji se podjednako oslanja na tradiciju jidi\u0161ke pripovijetke kao i na suvremenost. U svojim nas pri\u010dama Filip David uvijek iznena\u0111uje, ostavljaju\u0107i prostor za dugo promi\u0161ljanje.<\/span><\/p>\n<p style=\"line-height: normal; text-align: justify;\"><span style=\"font-size: small;\">Moderira: S. Serdarevi\u0107<br \/>Medijateka, Preradovi\u0107eva 5<\/span><\/p>\n<p style=\"line-height: normal; text-align: justify;\"><span style=\"color: #ffcc99;\">________________________________________________________________________________<\/span><\/p>\n<p style=\"line-height: normal; text-align: justify;\"><span style=\"text-decoration: underline; color: #b78d33;\"><strong><span style=\"font-size: small;\">Petak, 31. svibnja<\/span><\/strong><\/span><\/p>\n<p style=\"line-height: normal; text-align: justify;\"><span style=\"font-size: small;\">19:00 h<\/span><\/p>\n<p style=\"line-height: normal; text-align: justify;\"><span style=\"font-size: small;\">\u010citanje i razgovor<\/span><\/p>\n<p style=\"line-height: normal; text-align: justify;\"><span style=\"font-size: small;\"><strong>Superheroji, pomalo neobi\u010dni!<br \/>Paolo Giordano, Damir Karaka\u0161, Alek Popov<\/strong><\/span><\/p>\n<p style=\"line-height: normal; text-align: justify;\"><span style=\"font-size: small;\">Posljednja ve\u010der ovogodi\u0161njeg FEKP-a donosi prakti\u010dne odgovore na pitanje kako u kratkoj pri\u010di rade Arhimed, Beethoven i Derrida, ili \u0161ire: kako pripovijetka barata sa znanstvenim i umjetni\u010dkim praksama! Preko dana fizi\u010dari, knji\u017eevni teoreti\u010dari, glazbenici, kad zagusti i kada svijet to zatreba, oni ulaze u telefonsku govornicu i postaju: Giordano! Popov! Karaka\u0161!<\/span><\/p>\n<p style=\"line-height: normal; text-align: justify;\"><span style=\"font-size: small;\">Moderira: K. Brajdi\u0107, M. Simi\u0107<br \/>The Beertija, Pavla Hatza 16<br \/>21:00 h<\/span><\/p>\n<p style=\"line-height: normal; text-align: justify;\"><span style=\"font-size: medium;\"><strong><span style=\"color: #c19b74;\">Party: Zatvaranje FEKP 2013.<\/span><\/strong><\/span><\/p>\n<p style=\"line-height: normal; text-align: justify;\"><span style=\"font-size: small;\">\u00a0<\/span><\/p>\n","protected":false},"excerpt":{"rendered":"","protected":false},"author":6,"featured_media":0,"comment_status":"closed","ping_status":"closed","sticky":false,"template":"","format":"standard","meta":{"ngg_post_thumbnail":0,"footnotes":""},"categories":[76],"tags":[],"class_list":["post-11604","post","type-post","status-publish","format-standard","hentry","category-obavijesti-za-naslovnicu"],"_links":{"self":[{"href":"https:\/\/anglist.ffzg.unizg.hr\/index.php?rest_route=\/wp\/v2\/posts\/11604","targetHints":{"allow":["GET"]}}],"collection":[{"href":"https:\/\/anglist.ffzg.unizg.hr\/index.php?rest_route=\/wp\/v2\/posts"}],"about":[{"href":"https:\/\/anglist.ffzg.unizg.hr\/index.php?rest_route=\/wp\/v2\/types\/post"}],"author":[{"embeddable":true,"href":"https:\/\/anglist.ffzg.unizg.hr\/index.php?rest_route=\/wp\/v2\/users\/6"}],"replies":[{"embeddable":true,"href":"https:\/\/anglist.ffzg.unizg.hr\/index.php?rest_route=%2Fwp%2Fv2%2Fcomments&post=11604"}],"version-history":[{"count":9,"href":"https:\/\/anglist.ffzg.unizg.hr\/index.php?rest_route=\/wp\/v2\/posts\/11604\/revisions"}],"predecessor-version":[{"id":19590,"href":"https:\/\/anglist.ffzg.unizg.hr\/index.php?rest_route=\/wp\/v2\/posts\/11604\/revisions\/19590"}],"wp:attachment":[{"href":"https:\/\/anglist.ffzg.unizg.hr\/index.php?rest_route=%2Fwp%2Fv2%2Fmedia&parent=11604"}],"wp:term":[{"taxonomy":"category","embeddable":true,"href":"https:\/\/anglist.ffzg.unizg.hr\/index.php?rest_route=%2Fwp%2Fv2%2Fcategories&post=11604"},{"taxonomy":"post_tag","embeddable":true,"href":"https:\/\/anglist.ffzg.unizg.hr\/index.php?rest_route=%2Fwp%2Fv2%2Ftags&post=11604"}],"curies":[{"name":"wp","href":"https:\/\/api.w.org\/{rel}","templated":true}]}}